{"id":806,"date":"2025-08-18T12:31:59","date_gmt":"2025-08-18T18:31:59","guid":{"rendered":"https:\/\/cigre-riac.org\/?p=806"},"modified":"2025-09-28T13:16:59","modified_gmt":"2025-09-28T19:16:59","slug":"conferencia-incidencia-del-cambio-climatico-en-la-infraestructura-electrica-del-pais","status":"publish","type":"post","link":"https:\/\/cigre-riac.org\/pt\/conferencia-incidencia-del-cambio-climatico-en-la-infraestructura-electrica-del-pais\/","title":{"rendered":"Confer\u00eancia \u201cImpacto das Mudan\u00e7as Clim\u00e1ticas na Infraestrutura El\u00e9trica do Pa\u00eds\u201d"},"content":{"rendered":"<div data-elementor-type=\"wp-post\" data-elementor-id=\"806\" class=\"elementor elementor-806\" data-elementor-post-type=\"post\">\n\t\t\t\t<div class=\"elementor-element elementor-element-6615c053 e-flex e-con-boxed wpr-particle-no wpr-jarallax-no wpr-parallax-no wpr-sticky-section-no wpr-column-slider-no wpr-equal-height-no e-con e-parent\" data-id=\"6615c053\" data-element_type=\"container\" data-e-type=\"container\">\n\t\t\t\t\t<div class=\"e-con-inner\">\n\t\t\t\t<div class=\"elementor-element elementor-element-5173b23 elementor-widget elementor-widget-heading\" data-id=\"5173b23\" data-element_type=\"widget\" data-e-type=\"widget\" data-widget_type=\"heading.default\">\n\t\t\t\t<div class=\"elementor-widget-container\">\n\t\t\t\t\t<h1 class=\"elementor-heading-title elementor-size-default\">Confer\u00eancia &quot;Impacto das Mudan\u00e7as Clim\u00e1ticas na Infraestrutura El\u00e9trica do Pa\u00eds&quot;\"<\/h1>\t\t\t\t<\/div>\n\t\t\t\t<\/div>\n\t\t\t\t<div class=\"elementor-element elementor-element-802733a elementor-widget elementor-widget-text-editor\" data-id=\"802733a\" data-element_type=\"widget\" data-e-type=\"widget\" data-widget_type=\"text-editor.default\">\n\t\t\t\t<div class=\"elementor-widget-container\">\n\t\t\t\t\t\t\t\t\t<p>Convidamos voc\u00ea cordialmente a participar da Confer\u00eancia \u201cImpacto das Mudan\u00e7as Clim\u00e1ticas na Infraestrutura El\u00e9trica do Pa\u00eds\u201d, que faz parte do ciclo da Academia de Energia da CIGRE M\u00e9xico.<\/p>\n<p>Esta palestra magistral ser\u00e1 proferida pelo Dr. Federico L\u00f3pez de Alba, Diretor do Comit\u00ea de Sustentabilidade do Sistema El\u00e9trico e Desempenho Ambiental \u2013 CFE.<\/p>\t\t\t\t\t\t\t\t<\/div>\n\t\t\t\t<\/div>\n\t\t\t\t\t<\/div>\n\t\t\t\t<\/div>\n\t\t<div class=\"elementor-element elementor-element-98328df e-flex e-con-boxed wpr-particle-no wpr-jarallax-no wpr-parallax-no wpr-sticky-section-no wpr-column-slider-no wpr-equal-height-no e-con e-parent\" data-id=\"98328df\" data-element_type=\"container\" data-e-type=\"container\">\n\t\t\t\t\t<div class=\"e-con-inner\">\n\t\t\t\t<div class=\"elementor-element elementor-element-77057ec elementor-widget elementor-widget-image\" data-id=\"77057ec\" data-element_type=\"widget\" data-e-type=\"widget\" data-widget_type=\"image.default\">\n\t\t\t\t<div class=\"elementor-widget-container\">\n\t\t\t\t\t\t\t\t\t\t\t\t\t\t\t<img fetchpriority=\"high\" decoding=\"async\" width=\"800\" height=\"500\" src=\"https:\/\/cigre-riac.org\/wp-content\/uploads\/2025\/08\/PHOTO-2025-08-18-11-30-10-1024x640.jpg\" class=\"attachment-large size-large wp-image-811\" alt=\"\" srcset=\"https:\/\/cigre-riac.org\/wp-content\/uploads\/2025\/08\/PHOTO-2025-08-18-11-30-10-1024x640.jpg 1024w, https:\/\/cigre-riac.org\/wp-content\/uploads\/2025\/08\/PHOTO-2025-08-18-11-30-10-300x188.jpg 300w, https:\/\/cigre-riac.org\/wp-content\/uploads\/2025\/08\/PHOTO-2025-08-18-11-30-10-768x480.jpg 768w, https:\/\/cigre-riac.org\/wp-content\/uploads\/2025\/08\/PHOTO-2025-08-18-11-30-10-1536x960.jpg 1536w, https:\/\/cigre-riac.org\/wp-content\/uploads\/2025\/08\/PHOTO-2025-08-18-11-30-10.jpg 1600w\" sizes=\"(max-width: 800px) 100vw, 800px\" \/>\t\t\t\t\t\t\t\t\t\t\t\t\t\t\t<\/div>\n\t\t\t\t<\/div>\n\t\t\t\t<div class=\"elementor-element elementor-element-f98fef4 elementor-widget elementor-widget-text-editor\" data-id=\"f98fef4\" data-element_type=\"widget\" data-e-type=\"widget\" data-widget_type=\"text-editor.default\">\n\t\t\t\t<div class=\"elementor-widget-container\">\n\t\t\t\t\t\t\t\t\t<p>Este evento ocorrer\u00e1 na quinta-feira, 21 de agosto de 2025, das 18h \u00e0s 19h (GMT-6).<\/p>\n<p>O evento ser\u00e1 realizado pela plataforma Teams, atrav\u00e9s do seguinte link: Voc\u00ea est\u00e1 convidado(a) para a CIGRE M\u00e9xico | Academia de Energia e Aplica\u00e7\u00f5es Industriais | Confer\u00eancia \u201cImpacto das Mudan\u00e7as Clim\u00e1ticas na Infraestrutura El\u00e9trica do Pa\u00eds\u201d | Quinta-feira, 21 de agosto de 2025<br \/>18:00 \u2013 19:00 (GMT-7)<\/p>\n<p><a href=\"https:\/\/teams.microsoft.com\/l\/meetup-join\/19%3ameeting_ZDliOGJiNWYtYTU1ZS00YjExLTg2OWEtMjgzYTczMTlhYjJk%40thread.v2\/0?context=%7b%22Tid%22%3a%22cf30780c-6adc-45b0-84e7-134498445cc2%22%2c%22Oid%22%3a%227612d1ff-1311-4c7f-a4d2-b9dd6d14295d%22%7d\" target=\"_blank\" rel=\"noopener\">https:\/\/teams.microsoft.com\/l\/meetup-join\/19%3ameeting_ZDliOGJiNWYtYTU1ZS00YjExLTg2OWEtMjgzYTczMTlhYjJk%40thread.v2\/0?context=%7b%22Tid%22%3a%22cf30780c-6adc-45b0-84e7-134498445cc2%22%2c%22Oid%22%3a%227612d1ff-1311-4c7f-a4d2-b9dd6d14295d%22%7d<\/a><\/p>\n<p>Clique no link ou cole-o em um navegador para participar.<\/p>\t\t\t\t\t\t\t\t<\/div>\n\t\t\t\t<\/div>\n\t\t\t\t\t<\/div>\n\t\t\t\t<\/div>\n\t\t\t\t<\/div>","protected":false},"excerpt":{"rendered":"<p>Dentro do programa da confer\u00eancia CIGRE-M\u00e9xico, 21 de agosto<\/p>","protected":false},"author":2,"featured_media":0,"comment_status":"closed","ping_status":"closed","sticky":false,"template":"","format":"standard","meta":{"_acf_changed":false,"footnotes":""},"categories":[12],"tags":[25],"class_list":["post-806","post","type-post","status-publish","format-standard","hentry","category-noticias","tag-mexico"],"acf":[],"yoast_head":"<!-- This site is optimized with the Yoast SEO plugin v28.4 - https:\/\/yoast.com\/product\/yoast-seo-wordpress\/ -->\n<title>Conferencia &quot;Incidencia del Cambio Clim\u00e1tico en la Infraestructura El\u00e9ctrica del Pa\u00eds&quot; | CIGRE-RIAC<\/title>\n<meta name=\"robots\" content=\"index, follow, max-snippet:-1, max-image-preview:large, max-video-preview:-1\" \/>\n<link rel=\"canonical\" href=\"https:\/\/cigre-riac.org\/pt\/conferencia-incidencia-del-cambio-climatico-en-la-infraestructura-electrica-del-pais\/\" \/>\n<meta property=\"og:locale\" content=\"pt_BR\" \/>\n<meta property=\"og:type\" content=\"article\" \/>\n<meta property=\"og:title\" content=\"Conferencia &quot;Incidencia del Cambio Clim\u00e1tico en la Infraestructura El\u00e9ctrica del Pa\u00eds&quot; | CIGRE-RIAC\" \/>\n<meta property=\"og:description\" content=\"Dentro del programa de conferencias de CIGRE-M\u00e9xico 21 de agosto\" \/>\n<meta property=\"og:url\" content=\"https:\/\/cigre-riac.org\/pt\/conferencia-incidencia-del-cambio-climatico-en-la-infraestructura-electrica-del-pais\/\" \/>\n<meta property=\"og:site_name\" content=\"CIGRE-RIAC\" \/>\n<meta property=\"article:published_time\" content=\"2025-08-18T18:31:59+00:00\" \/>\n<meta property=\"article:modified_time\" content=\"2025-09-28T19:16:59+00:00\" \/>\n<meta property=\"og:image\" content=\"https:\/\/cigre-riac.org\/wp-content\/uploads\/2025\/08\/PHOTO-2025-08-18-11-30-10.jpg\" \/>\n\t<meta property=\"og:image:width\" content=\"1600\" \/>\n\t<meta property=\"og:image:height\" content=\"1000\" \/>\n\t<meta property=\"og:image:type\" content=\"image\/jpeg\" \/>\n<meta name=\"author\" content=\"Raul Gomez\" \/>\n<meta name=\"twitter:card\" content=\"summary_large_image\" \/>\n<meta name=\"twitter:label1\" content=\"Escrito por\" \/>\n\t<meta name=\"twitter:data1\" content=\"Raul Gomez\" \/>\n\t<meta name=\"twitter:label2\" content=\"Est. tempo de leitura\" \/>\n\t<meta name=\"twitter:data2\" content=\"1 minuto\" \/>\n<script type=\"application\/ld+json\" class=\"yoast-schema-graph\">{\"@context\":\"https:\\\/\\\/schema.org\",\"@graph\":[{\"@type\":\"Article\",\"@id\":\"https:\\\/\\\/cigre-riac.org\\\/conferencia-incidencia-del-cambio-climatico-en-la-infraestructura-electrica-del-pais\\\/#article\",\"isPartOf\":{\"@id\":\"https:\\\/\\\/cigre-riac.org\\\/conferencia-incidencia-del-cambio-climatico-en-la-infraestructura-electrica-del-pais\\\/\"},\"author\":{\"name\":\"Raul Gomez\",\"@id\":\"https:\\\/\\\/cigre-riac.org\\\/#\\\/schema\\\/person\\\/72ea06fe004bd30c1aea1e37dceb27f9\"},\"headline\":\"Conferencia &#8220;Incidencia del Cambio Clim\u00e1tico en la Infraestructura El\u00e9ctrica del Pa\u00eds&#8221;\",\"datePublished\":\"2025-08-18T18:31:59+00:00\",\"dateModified\":\"2025-09-28T19:16:59+00:00\",\"mainEntityOfPage\":{\"@id\":\"https:\\\/\\\/cigre-riac.org\\\/conferencia-incidencia-del-cambio-climatico-en-la-infraestructura-electrica-del-pais\\\/\"},\"wordCount\":201,\"publisher\":{\"@id\":\"https:\\\/\\\/cigre-riac.org\\\/#organization\"},\"image\":{\"@id\":\"https:\\\/\\\/cigre-riac.org\\\/conferencia-incidencia-del-cambio-climatico-en-la-infraestructura-electrica-del-pais\\\/#primaryimage\"},\"thumbnailUrl\":\"https:\\\/\\\/cigre-riac.org\\\/wp-content\\\/uploads\\\/2025\\\/08\\\/PHOTO-2025-08-18-11-30-10-1024x640.jpg\",\"keywords\":[\"M\u00e9xico\"],\"articleSection\":[\"Noticias\"],\"inLanguage\":\"pt-BR\"},{\"@type\":\"WebPage\",\"@id\":\"https:\\\/\\\/cigre-riac.org\\\/conferencia-incidencia-del-cambio-climatico-en-la-infraestructura-electrica-del-pais\\\/\",\"url\":\"https:\\\/\\\/cigre-riac.org\\\/conferencia-incidencia-del-cambio-climatico-en-la-infraestructura-electrica-del-pais\\\/\",\"name\":\"Conferencia \\\"Incidencia del Cambio Clim\u00e1tico en la Infraestructura El\u00e9ctrica del Pa\u00eds\\\" | CIGRE-RIAC\",\"isPartOf\":{\"@id\":\"https:\\\/\\\/cigre-riac.org\\\/#website\"},\"primaryImageOfPage\":{\"@id\":\"https:\\\/\\\/cigre-riac.org\\\/conferencia-incidencia-del-cambio-climatico-en-la-infraestructura-electrica-del-pais\\\/#primaryimage\"},\"image\":{\"@id\":\"https:\\\/\\\/cigre-riac.org\\\/conferencia-incidencia-del-cambio-climatico-en-la-infraestructura-electrica-del-pais\\\/#primaryimage\"},\"thumbnailUrl\":\"https:\\\/\\\/cigre-riac.org\\\/wp-content\\\/uploads\\\/2025\\\/08\\\/PHOTO-2025-08-18-11-30-10-1024x640.jpg\",\"datePublished\":\"2025-08-18T18:31:59+00:00\",\"dateModified\":\"2025-09-28T19:16:59+00:00\",\"breadcrumb\":{\"@id\":\"https:\\\/\\\/cigre-riac.org\\\/conferencia-incidencia-del-cambio-climatico-en-la-infraestructura-electrica-del-pais\\\/#breadcrumb\"},\"inLanguage\":\"pt-BR\",\"potentialAction\":[{\"@type\":\"ReadAction\",\"target\":[\"https:\\\/\\\/cigre-riac.org\\\/conferencia-incidencia-del-cambio-climatico-en-la-infraestructura-electrica-del-pais\\\/\"]}]},{\"@type\":\"ImageObject\",\"inLanguage\":\"pt-BR\",\"@id\":\"https:\\\/\\\/cigre-riac.org\\\/conferencia-incidencia-del-cambio-climatico-en-la-infraestructura-electrica-del-pais\\\/#primaryimage\",\"url\":\"https:\\\/\\\/cigre-riac.org\\\/wp-content\\\/uploads\\\/2025\\\/08\\\/PHOTO-2025-08-18-11-30-10-1024x640.jpg\",\"contentUrl\":\"https:\\\/\\\/cigre-riac.org\\\/wp-content\\\/uploads\\\/2025\\\/08\\\/PHOTO-2025-08-18-11-30-10-1024x640.jpg\"},{\"@type\":\"BreadcrumbList\",\"@id\":\"https:\\\/\\\/cigre-riac.org\\\/conferencia-incidencia-del-cambio-climatico-en-la-infraestructura-electrica-del-pais\\\/#breadcrumb\",\"itemListElement\":[{\"@type\":\"ListItem\",\"position\":1,\"name\":\"Inicio\",\"item\":\"https:\\\/\\\/cigre-riac.org\\\/\"},{\"@type\":\"ListItem\",\"position\":2,\"name\":\"Conferencia &#8220;Incidencia del Cambio Clim\u00e1tico en la Infraestructura El\u00e9ctrica del Pa\u00eds&#8221;\"}]},{\"@type\":\"WebSite\",\"@id\":\"https:\\\/\\\/cigre-riac.org\\\/#website\",\"url\":\"https:\\\/\\\/cigre-riac.org\\\/\",\"name\":\"CIGRE-RIAC\",\"description\":\"Un foro de referencia para discusiones t&eacute;cnicas de sistemas el&eacute;ctricos\",\"publisher\":{\"@id\":\"https:\\\/\\\/cigre-riac.org\\\/#organization\"},\"alternateName\":\"Encuentro Regional Iberoamericano de CIGRE-ERIAC\",\"potentialAction\":[{\"@type\":\"SearchAction\",\"target\":{\"@type\":\"EntryPoint\",\"urlTemplate\":\"https:\\\/\\\/cigre-riac.org\\\/?s={search_term_string}\"},\"query-input\":{\"@type\":\"PropertyValueSpecification\",\"valueRequired\":true,\"valueName\":\"search_term_string\"}}],\"inLanguage\":\"pt-BR\"},{\"@type\":\"Organization\",\"@id\":\"https:\\\/\\\/cigre-riac.org\\\/#organization\",\"name\":\"CIGRE RIAC\",\"alternateName\":\"Encuentro Regional Iberoamericano CIGRE-RIAC\",\"url\":\"https:\\\/\\\/cigre-riac.org\\\/\",\"logo\":{\"@type\":\"ImageObject\",\"inLanguage\":\"pt-BR\",\"@id\":\"https:\\\/\\\/cigre-riac.org\\\/#\\\/schema\\\/logo\\\/image\\\/\",\"url\":\"https:\\\/\\\/cigre-riac.org\\\/wp-content\\\/uploads\\\/2024\\\/06\\\/RIAC_Regional_logo_RGB.png\",\"contentUrl\":\"https:\\\/\\\/cigre-riac.org\\\/wp-content\\\/uploads\\\/2024\\\/06\\\/RIAC_Regional_logo_RGB.png\",\"width\":430,\"height\":226,\"caption\":\"CIGRE RIAC\"},\"image\":{\"@id\":\"https:\\\/\\\/cigre-riac.org\\\/#\\\/schema\\\/logo\\\/image\\\/\"}},{\"@type\":\"Person\",\"@id\":\"https:\\\/\\\/cigre-riac.org\\\/#\\\/schema\\\/person\\\/72ea06fe004bd30c1aea1e37dceb27f9\",\"name\":\"Raul Gomez\",\"image\":{\"@type\":\"ImageObject\",\"inLanguage\":\"pt-BR\",\"@id\":\"https:\\\/\\\/secure.gravatar.com\\\/avatar\\\/eed943781ccfb071ec0459828fc872363bb17349da78fb8a9c4b2a4b1d69c889?s=96&d=mm&r=g\",\"url\":\"https:\\\/\\\/secure.gravatar.com\\\/avatar\\\/eed943781ccfb071ec0459828fc872363bb17349da78fb8a9c4b2a4b1d69c889?s=96&d=mm&r=g\",\"contentUrl\":\"https:\\\/\\\/secure.gravatar.com\\\/avatar\\\/eed943781ccfb071ec0459828fc872363bb17349da78fb8a9c4b2a4b1d69c889?s=96&d=mm&r=g\",\"caption\":\"Raul Gomez\"},\"sameAs\":[\"http:\\\/\\\/www.raulg.com.mx\"],\"url\":\"https:\\\/\\\/cigre-riac.org\\\/pt\\\/author\\\/rauladmin\\\/\"}]}<\/script>\n<!-- \/ Yoast SEO plugin. -->","yoast_head_json":{"title":"Conferencia \"Incidencia del Cambio Clim\u00e1tico en la Infraestructura El\u00e9ctrica del Pa\u00eds\" | CIGRE-RIAC","robots":{"index":"index","follow":"follow","max-snippet":"max-snippet:-1","max-image-preview":"max-image-preview:large","max-video-preview":"max-video-preview:-1"},"canonical":"https:\/\/cigre-riac.org\/pt\/conferencia-incidencia-del-cambio-climatico-en-la-infraestructura-electrica-del-pais\/","og_locale":"pt_BR","og_type":"article","og_title":"Conferencia \"Incidencia del Cambio Clim\u00e1tico en la Infraestructura El\u00e9ctrica del Pa\u00eds\" | CIGRE-RIAC","og_description":"Dentro del programa de conferencias de CIGRE-M\u00e9xico 21 de agosto","og_url":"https:\/\/cigre-riac.org\/pt\/conferencia-incidencia-del-cambio-climatico-en-la-infraestructura-electrica-del-pais\/","og_site_name":"CIGRE-RIAC","article_published_time":"2025-08-18T18:31:59+00:00","article_modified_time":"2025-09-28T19:16:59+00:00","og_image":[{"width":1600,"height":1000,"url":"https:\/\/cigre-riac.org\/wp-content\/uploads\/2025\/08\/PHOTO-2025-08-18-11-30-10.jpg","type":"image\/jpeg"}],"author":"Raul Gomez","twitter_card":"summary_large_image","twitter_misc":{"Escrito por":"Raul Gomez","Est. tempo de leitura":"1 minuto"},"schema":{"@context":"https:\/\/schema.org","@graph":[{"@type":"Article","@id":"https:\/\/cigre-riac.org\/conferencia-incidencia-del-cambio-climatico-en-la-infraestructura-electrica-del-pais\/#article","isPartOf":{"@id":"https:\/\/cigre-riac.org\/conferencia-incidencia-del-cambio-climatico-en-la-infraestructura-electrica-del-pais\/"},"author":{"name":"Raul Gomez","@id":"https:\/\/cigre-riac.org\/#\/schema\/person\/72ea06fe004bd30c1aea1e37dceb27f9"},"headline":"Conferencia &#8220;Incidencia del Cambio Clim\u00e1tico en la Infraestructura El\u00e9ctrica del Pa\u00eds&#8221;","datePublished":"2025-08-18T18:31:59+00:00","dateModified":"2025-09-28T19:16:59+00:00","mainEntityOfPage":{"@id":"https:\/\/cigre-riac.org\/conferencia-incidencia-del-cambio-climatico-en-la-infraestructura-electrica-del-pais\/"},"wordCount":201,"publisher":{"@id":"https:\/\/cigre-riac.org\/#organization"},"image":{"@id":"https:\/\/cigre-riac.org\/conferencia-incidencia-del-cambio-climatico-en-la-infraestructura-electrica-del-pais\/#primaryimage"},"thumbnailUrl":"https:\/\/cigre-riac.org\/wp-content\/uploads\/2025\/08\/PHOTO-2025-08-18-11-30-10-1024x640.jpg","keywords":["M\u00e9xico"],"articleSection":["Noticias"],"inLanguage":"pt-BR"},{"@type":"WebPage","@id":"https:\/\/cigre-riac.org\/conferencia-incidencia-del-cambio-climatico-en-la-infraestructura-electrica-del-pais\/","url":"https:\/\/cigre-riac.org\/conferencia-incidencia-del-cambio-climatico-en-la-infraestructura-electrica-del-pais\/","name":"Conferencia \"Incidencia del Cambio Clim\u00e1tico en la Infraestructura El\u00e9ctrica del Pa\u00eds\" | CIGRE-RIAC","isPartOf":{"@id":"https:\/\/cigre-riac.org\/#website"},"primaryImageOfPage":{"@id":"https:\/\/cigre-riac.org\/conferencia-incidencia-del-cambio-climatico-en-la-infraestructura-electrica-del-pais\/#primaryimage"},"image":{"@id":"https:\/\/cigre-riac.org\/conferencia-incidencia-del-cambio-climatico-en-la-infraestructura-electrica-del-pais\/#primaryimage"},"thumbnailUrl":"https:\/\/cigre-riac.org\/wp-content\/uploads\/2025\/08\/PHOTO-2025-08-18-11-30-10-1024x640.jpg","datePublished":"2025-08-18T18:31:59+00:00","dateModified":"2025-09-28T19:16:59+00:00","breadcrumb":{"@id":"https:\/\/cigre-riac.org\/conferencia-incidencia-del-cambio-climatico-en-la-infraestructura-electrica-del-pais\/#breadcrumb"},"inLanguage":"pt-BR","potentialAction":[{"@type":"ReadAction","target":["https:\/\/cigre-riac.org\/conferencia-incidencia-del-cambio-climatico-en-la-infraestructura-electrica-del-pais\/"]}]},{"@type":"ImageObject","inLanguage":"pt-BR","@id":"https:\/\/cigre-riac.org\/conferencia-incidencia-del-cambio-climatico-en-la-infraestructura-electrica-del-pais\/#primaryimage","url":"https:\/\/cigre-riac.org\/wp-content\/uploads\/2025\/08\/PHOTO-2025-08-18-11-30-10-1024x640.jpg","contentUrl":"https:\/\/cigre-riac.org\/wp-content\/uploads\/2025\/08\/PHOTO-2025-08-18-11-30-10-1024x640.jpg"},{"@type":"BreadcrumbList","@id":"https:\/\/cigre-riac.org\/conferencia-incidencia-del-cambio-climatico-en-la-infraestructura-electrica-del-pais\/#breadcrumb","itemListElement":[{"@type":"ListItem","position":1,"name":"Inicio","item":"https:\/\/cigre-riac.org\/"},{"@type":"ListItem","position":2,"name":"Conferencia &#8220;Incidencia del Cambio Clim\u00e1tico en la Infraestructura El\u00e9ctrica del Pa\u00eds&#8221;"}]},{"@type":"WebSite","@id":"https:\/\/cigre-riac.org\/#website","url":"https:\/\/cigre-riac.org\/","name":"CIGRE-RIAC","description":"Um f\u00f3rum l\u00edder para discuss\u00f5es t\u00e9cnicas sobre sistemas el\u00e9tricos.","publisher":{"@id":"https:\/\/cigre-riac.org\/#organization"},"alternateName":"Encuentro Regional Iberoamericano de CIGRE-ERIAC","potentialAction":[{"@type":"SearchAction","target":{"@type":"EntryPoint","urlTemplate":"https:\/\/cigre-riac.org\/?s={search_term_string}"},"query-input":{"@type":"PropertyValueSpecification","valueRequired":true,"valueName":"search_term_string"}}],"inLanguage":"pt-BR"},{"@type":"Organization","@id":"https:\/\/cigre-riac.org\/#organization","name":"CIGRE RIAC","alternateName":"Encuentro Regional Iberoamericano CIGRE-RIAC","url":"https:\/\/cigre-riac.org\/","logo":{"@type":"ImageObject","inLanguage":"pt-BR","@id":"https:\/\/cigre-riac.org\/#\/schema\/logo\/image\/","url":"https:\/\/cigre-riac.org\/wp-content\/uploads\/2024\/06\/RIAC_Regional_logo_RGB.png","contentUrl":"https:\/\/cigre-riac.org\/wp-content\/uploads\/2024\/06\/RIAC_Regional_logo_RGB.png","width":430,"height":226,"caption":"CIGRE RIAC"},"image":{"@id":"https:\/\/cigre-riac.org\/#\/schema\/logo\/image\/"}},{"@type":"Person","@id":"https:\/\/cigre-riac.org\/#\/schema\/person\/72ea06fe004bd30c1aea1e37dceb27f9","name":"Ra\u00fal Gomez","image":{"@type":"ImageObject","inLanguage":"pt-BR","@id":"https:\/\/secure.gravatar.com\/avatar\/eed943781ccfb071ec0459828fc872363bb17349da78fb8a9c4b2a4b1d69c889?s=96&d=mm&r=g","url":"https:\/\/secure.gravatar.com\/avatar\/eed943781ccfb071ec0459828fc872363bb17349da78fb8a9c4b2a4b1d69c889?s=96&d=mm&r=g","contentUrl":"https:\/\/secure.gravatar.com\/avatar\/eed943781ccfb071ec0459828fc872363bb17349da78fb8a9c4b2a4b1d69c889?s=96&d=mm&r=g","caption":"Raul Gomez"},"sameAs":["http:\/\/www.raulg.com.mx"],"url":"https:\/\/cigre-riac.org\/pt\/author\/rauladmin\/"}]}},"_links":{"self":[{"href":"https:\/\/cigre-riac.org\/pt\/wp-json\/wp\/v2\/posts\/806","targetHints":{"allow":["GET"]}}],"collection":[{"href":"https:\/\/cigre-riac.org\/pt\/wp-json\/wp\/v2\/posts"}],"about":[{"href":"https:\/\/cigre-riac.org\/pt\/wp-json\/wp\/v2\/types\/post"}],"author":[{"embeddable":true,"href":"https:\/\/cigre-riac.org\/pt\/wp-json\/wp\/v2\/users\/2"}],"replies":[{"embeddable":true,"href":"https:\/\/cigre-riac.org\/pt\/wp-json\/wp\/v2\/comments?post=806"}],"version-history":[{"count":7,"href":"https:\/\/cigre-riac.org\/pt\/wp-json\/wp\/v2\/posts\/806\/revisions"}],"predecessor-version":[{"id":814,"href":"https:\/\/cigre-riac.org\/pt\/wp-json\/wp\/v2\/posts\/806\/revisions\/814"}],"wp:attachment":[{"href":"https:\/\/cigre-riac.org\/pt\/wp-json\/wp\/v2\/media?parent=806"}],"wp:term":[{"taxonomy":"category","embeddable":true,"href":"https:\/\/cigre-riac.org\/pt\/wp-json\/wp\/v2\/categories?post=806"},{"taxonomy":"post_tag","embeddable":true,"href":"https:\/\/cigre-riac.org\/pt\/wp-json\/wp\/v2\/tags?post=806"}],"curies":[{"name":"wp","href":"https:\/\/api.w.org\/{rel}","templated":true}]}}